{"id":7747,"date":"2025-03-12T06:36:33","date_gmt":"2025-03-12T06:36:33","guid":{"rendered":"https:\/\/jinsuncarbon.com\/?p=7747"},"modified":"2025-03-12T06:39:07","modified_gmt":"2025-03-12T06:39:07","slug":"karbon-ayak-i%cc%87zi%cc%87-nedi%cc%87r","status":"publish","type":"post","link":"https:\/\/jinsuncarbon.com\/tr\/karbon-ayak-i%cc%87zi%cc%87-nedi%cc%87r\/","title":{"rendered":"Karbon Ayak \u0130zi Nedir?"},"content":{"rendered":"<p>\u0130klim de\u011fi\u015fikli\u011fine k\u00fcresel m\u00fcdahale ba\u011flam\u0131nda, \"karbon ayak izi\" insan faaliyetlerinin \u00e7evre \u00fczerindeki etkisini \u00f6l\u00e7mek i\u00e7in \u00f6nemli bir g\u00f6sterge haline gelmi\u015ftir. Ya\u015fam ve \u00fcretimle yak\u0131ndan ili\u015fkilidir. Ve \u00e7evre koruma eylemlerine kat\u0131lmalar\u0131 i\u00e7in t\u00fcm taraflara rehberlik eden \u00f6nemli bir ba\u011flant\u0131d\u0131r.<\/p><div id=\"ez-toc-container\" class=\"ez-toc-v2_0_81 counter-hierarchy ez-toc-counter ez-toc-grey ez-toc-container-direction\">\n<div class=\"ez-toc-title-container\">\n<p class=\"ez-toc-title\" style=\"cursor:inherit\">\u0130\u00e7indekiler<\/p>\n<span class=\"ez-toc-title-toggle\"><a href=\"#\" class=\"ez-toc-pull-right ez-toc-btn ez-toc-btn-xs ez-toc-btn-default ez-toc-toggle\" aria-label=\"\u0130\u00e7indekiler Tablosunu A\u00e7\/Kapat\"><span class=\"ez-toc-js-icon-con\"><span class=\"\"><span class=\"eztoc-hide\" style=\"display:none;\">Ge\u00e7i\u015f<\/span><span class=\"ez-toc-icon-toggle-span\"><svg style=\"fill: #999;color:#999\" xmlns=\"http:\/\/www.w3.org\/2000\/svg\" class=\"list-377408\" width=\"20px\" height=\"20px\" viewbox=\"0 0 24 24\" fill=\"none\"><path d=\"M6 6H4v2h2V6zm14 0H8v2h12V6zM4 11h2v2H4v-2zm16 0H8v2h12v-2zM4 16h2v2H4v-2zm16 0H8v2h12v-2z\" fill=\"currentColor\"><\/path><\/svg><svg style=\"fill: #999;color:#999\" class=\"arrow-unsorted-368013\" xmlns=\"http:\/\/www.w3.org\/2000\/svg\" width=\"10px\" height=\"10px\" viewbox=\"0 0 24 24\" version=\"1.2\" baseprofile=\"tiny\"><path d=\"M18.2 9.3l-6.2-6.3-6.2 6.3c-.2.2-.3.4-.3.7s.1.5.3.7c.2.2.4.3.7.3h11c.3 0 .5-.1.7-.3.2-.2.3-.5.3-.7s-.1-.5-.3-.7zM5.8 14.7l6.2 6.3 6.2-6.3c.2-.2.3-.5.3-.7s-.1-.5-.3-.7c-.2-.2-.4-.3-.7-.3h-11c-.3 0-.5.1-.7.3-.2.2-.3.5-.3.7s.1.5.3.7z\"\/><\/svg><\/span><\/span><\/span><\/a><\/span><\/div>\n<nav><ul class='ez-toc-list ez-toc-list-level-1' ><li class='ez-toc-page-1 ez-toc-heading-level-2'><a class=\"ez-toc-link ez-toc-heading-1\" href=\"https:\/\/jinsuncarbon.com\/tr\/karbon-ayak-i%cc%87zi%cc%87-nedi%cc%87r\/#What_is_carbon_footprint\" >Karbon ayak izi nedir?<\/a><ul class='ez-toc-list-level-3' ><li class='ez-toc-heading-level-3'><a class=\"ez-toc-link ez-toc-heading-2\" href=\"https:\/\/jinsuncarbon.com\/tr\/karbon-ayak-i%cc%87zi%cc%87-nedi%cc%87r\/#Definition_of_carbon_footprint\" >Karbon ayak izinin tan\u0131m\u0131<\/a><\/li><li class='ez-toc-page-1 ez-toc-heading-level-3'><a class=\"ez-toc-link ez-toc-heading-3\" href=\"https:\/\/jinsuncarbon.com\/tr\/karbon-ayak-i%cc%87zi%cc%87-nedi%cc%87r\/#Scope_of_coverage\" >Kapsama alan\u0131<\/a><\/li><\/ul><\/li><li class='ez-toc-page-1 ez-toc-heading-level-2'><a class=\"ez-toc-link ez-toc-heading-4\" href=\"https:\/\/jinsuncarbon.com\/tr\/karbon-ayak-i%cc%87zi%cc%87-nedi%cc%87r\/#Methods_and_tools_for_carbon_footprint_calculator\" >Karbon ayak izi hesaplama y\u00f6ntemleri ve ara\u00e7lar\u0131<\/a><ul class='ez-toc-list-level-3' ><li class='ez-toc-heading-level-3'><a class=\"ez-toc-link ez-toc-heading-5\" href=\"https:\/\/jinsuncarbon.com\/tr\/karbon-ayak-i%cc%87zi%cc%87-nedi%cc%87r\/#Scientific_calculation_methods\" >Bilimsel hesaplama y\u00f6ntemleri<\/a><\/li><li class='ez-toc-page-1 ez-toc-heading-level-3'><a class=\"ez-toc-link ez-toc-heading-6\" href=\"https:\/\/jinsuncarbon.com\/tr\/karbon-ayak-i%cc%87zi%cc%87-nedi%cc%87r\/#Practical_calculation_tools\" >Pratik hesaplama ara\u00e7lar\u0131<\/a><ul class='ez-toc-list-level-4' ><li class='ez-toc-heading-level-4'><a class=\"ez-toc-link ez-toc-heading-7\" href=\"https:\/\/jinsuncarbon.com\/tr\/karbon-ayak-i%cc%87zi%cc%87-nedi%cc%87r\/#World_Wide_Fund_for_Nature_WWF_Carbon_Footprint_Tool\" >D\u00fcnya Do\u011fay\u0131 Koruma Vakf\u0131 (WWF) Karbon Ayak \u0130zi Arac\u0131<\/a><\/li><li class='ez-toc-page-1 ez-toc-heading-level-4'><a class=\"ez-toc-link ez-toc-heading-8\" href=\"https:\/\/jinsuncarbon.com\/tr\/karbon-ayak-i%cc%87zi%cc%87-nedi%cc%87r\/#Carbon_Footprint_Calculator_for_Students\" >\u00d6\u011frenciler i\u00e7in Karbon Ayak \u0130zi Hesaplay\u0131c\u0131s\u0131<\/a><\/li><\/ul><\/li><\/ul><\/li><li class='ez-toc-page-1 ez-toc-heading-level-2'><a class=\"ez-toc-link ez-toc-heading-9\" href=\"https:\/\/jinsuncarbon.com\/tr\/karbon-ayak-i%cc%87zi%cc%87-nedi%cc%87r\/#Factors_affecting_Carbon_Footprints\" >Karbon Ayak \u0130zlerini Etkileyen Fakt\u00f6rler<\/a><ul class='ez-toc-list-level-3' ><li class='ez-toc-heading-level-3'><a class=\"ez-toc-link ez-toc-heading-10\" href=\"https:\/\/jinsuncarbon.com\/tr\/karbon-ayak-i%cc%87zi%cc%87-nedi%cc%87r\/#Individual_level\" >Bireysel d\u00fczey<\/a><\/li><li class='ez-toc-page-1 ez-toc-heading-level-3'><a class=\"ez-toc-link ez-toc-heading-11\" href=\"https:\/\/jinsuncarbon.com\/tr\/karbon-ayak-i%cc%87zi%cc%87-nedi%cc%87r\/#Enterprise_Level\" >Kurumsal Seviye<\/a><\/li><li class='ez-toc-page-1 ez-toc-heading-level-3'><a class=\"ez-toc-link ez-toc-heading-12\" href=\"https:\/\/jinsuncarbon.com\/tr\/karbon-ayak-i%cc%87zi%cc%87-nedi%cc%87r\/#National_Level\" >Ulusal D\u00fczey<\/a><\/li><\/ul><\/li><li class='ez-toc-page-1 ez-toc-heading-level-2'><a class=\"ez-toc-link ez-toc-heading-13\" href=\"https:\/\/jinsuncarbon.com\/tr\/karbon-ayak-i%cc%87zi%cc%87-nedi%cc%87r\/#Harm_of_high_carbon_footprint\" >Y\u00fcksek karbon ayak izinin zararlar\u0131<\/a><ul class='ez-toc-list-level-3' ><li class='ez-toc-heading-level-3'><a class=\"ez-toc-link ez-toc-heading-14\" href=\"https:\/\/jinsuncarbon.com\/tr\/karbon-ayak-i%cc%87zi%cc%87-nedi%cc%87r\/#Climate_change\" >\u0130klim de\u011fi\u015fikli\u011fi<\/a><\/li><li class='ez-toc-page-1 ez-toc-heading-level-3'><a class=\"ez-toc-link ez-toc-heading-15\" href=\"https:\/\/jinsuncarbon.com\/tr\/karbon-ayak-i%cc%87zi%cc%87-nedi%cc%87r\/#Ecosystem_destruction\" >Ekosistem tahribat\u0131<\/a><\/li><\/ul><\/li><li class='ez-toc-page-1 ez-toc-heading-level-2'><a class=\"ez-toc-link ez-toc-heading-16\" href=\"https:\/\/jinsuncarbon.com\/tr\/karbon-ayak-i%cc%87zi%cc%87-nedi%cc%87r\/#Ways_to_reduce_Carbon_footprint\" >Karbon ayak izini azaltman\u0131n yollar\u0131<\/a><ul class='ez-toc-list-level-3' ><li class='ez-toc-heading-level-3'><a class=\"ez-toc-link ez-toc-heading-17\" href=\"https:\/\/jinsuncarbon.com\/tr\/karbon-ayak-i%cc%87zi%cc%87-nedi%cc%87r\/#Individual_action\" >Bireysel eylem<\/a><\/li><li class='ez-toc-page-1 ez-toc-heading-level-3'><a class=\"ez-toc-link ez-toc-heading-18\" href=\"https:\/\/jinsuncarbon.com\/tr\/karbon-ayak-i%cc%87zi%cc%87-nedi%cc%87r\/#Corporate_strategy\" >Kurumsal strateji<\/a><\/li><li class='ez-toc-page-1 ez-toc-heading-level-3'><a class=\"ez-toc-link ez-toc-heading-19\" href=\"https:\/\/jinsuncarbon.com\/tr\/karbon-ayak-i%cc%87zi%cc%87-nedi%cc%87r\/#Policy_and_social_dimension\" >Politika ve sosyal boyut<\/a><\/li><\/ul><\/li><li class='ez-toc-page-1 ez-toc-heading-level-2'><a class=\"ez-toc-link ez-toc-heading-20\" href=\"https:\/\/jinsuncarbon.com\/tr\/karbon-ayak-i%cc%87zi%cc%87-nedi%cc%87r\/#Current_situation_and_cases_of_carbon_footprint\" >Mevcut durum ve karbon ayak izi vakalar\u0131<\/a><\/li><li class='ez-toc-page-1 ez-toc-heading-level-2'><a class=\"ez-toc-link ez-toc-heading-21\" href=\"https:\/\/jinsuncarbon.com\/tr\/karbon-ayak-i%cc%87zi%cc%87-nedi%cc%87r\/#Conclusion\" >Sonu\u00e7<\/a><\/li><\/ul><\/nav><\/div>\n\n<p>&nbsp;<\/p>\n<h2><span class=\"ez-toc-section\" id=\"What_is_carbon_footprint\"><\/span>Karbon ayak izi nedir?<span class=\"ez-toc-section-end\"><\/span><\/h2>\n<h3><span class=\"ez-toc-section\" id=\"Definition_of_carbon_footprint\"><\/span>Karbon ayak izinin tan\u0131m\u0131<span class=\"ez-toc-section-end\"><\/span><\/h3>\n<p>Karbon ayak izi, bir birey, kurulu\u015f, \u00fcr\u00fcn veya faaliyet taraf\u0131ndan t\u00fcm ya\u015fam d\u00f6ng\u00fcs\u00fc boyunca \u00fcretilen ve genellikle karbondioksit e\u015fde\u011feri olarak ifade edilen sera gaz\u0131 emisyonlar\u0131d\u0131r. \u0130nsan faaliyetlerinden kaynaklanan sera gaz\u0131 emisyonlar\u0131n\u0131 canl\u0131 bir \u015fekilde g\u00f6rselle\u015ftirir. \u00c7evrede b\u0131rakt\u0131\u011f\u0131m\u0131z \"ayak izleri\" gibi, iklim \u00fczerindeki etkimizi kaydeder.<\/p>\n<p><img fetchpriority=\"high\" decoding=\"async\" class=\"aligncenter wp-image-7756\" src=\"https:\/\/jinsuncarbon.com\/wp-content\/uploads\/2025\/03\/Carbon-footprint.jpg\" alt=\"Karbon ayak izi\" width=\"499\" height=\"331\" srcset=\"https:\/\/jinsuncarbon.com\/wp-content\/uploads\/2025\/03\/Carbon-footprint.jpg 1024w, https:\/\/jinsuncarbon.com\/wp-content\/uploads\/2025\/03\/Carbon-footprint-300x199.jpg 300w, https:\/\/jinsuncarbon.com\/wp-content\/uploads\/2025\/03\/Carbon-footprint-768x510.jpg 768w, https:\/\/jinsuncarbon.com\/wp-content\/uploads\/2025\/03\/Carbon-footprint-18x12.jpg 18w, https:\/\/jinsuncarbon.com\/wp-content\/uploads\/2025\/03\/Carbon-footprint-600x398.jpg 600w\" sizes=\"(max-width: 499px) 100vw, 499px\" \/><\/p>\n<h3><span class=\"ez-toc-section\" id=\"Scope_of_coverage\"><\/span>Kapsama alan\u0131<span class=\"ez-toc-section-end\"><\/span><\/h3>\n<p>Karbon ayak izi, hammadde edinimi, \u00fcretim, \u00fcr\u00fcn nakliyesi, kullan\u0131m s\u00fcreci ve nihai bertarafa kadar t\u00fcm ya\u015fam d\u00f6ng\u00fcs\u00fcn\u00fc i\u00e7eren geni\u015f bir yelpazeyi kapsar. \u00d6rne\u011fin, pamuklu bir ti\u015f\u00f6rt\u00fcn karbon ayak izi, pamuk yeti\u015ftirilirken yak\u0131t t\u00fcketiminden ve tar\u0131m makinelerinin g\u00fcbre kullan\u0131m\u0131ndan kaynaklanan emisyonlar\u0131 i\u00e7erir. Tekstil fabrikalar\u0131n\u0131n i\u015flemesi s\u0131ras\u0131ndaki enerji t\u00fcketimi emisyonlar\u0131na. Nakliye s\u0131ras\u0131nda ula\u015f\u0131m ara\u00e7lar\u0131n\u0131n karbon emisyonlar\u0131na, y\u0131kama ve giyme s\u00fcrecinde t\u00fcketicilerin enerji emisyonlar\u0131na ve at\u0131k sonras\u0131 ti\u015f\u00f6rt\u00fcn ayr\u0131\u015ft\u0131r\u0131lmas\u0131 veya i\u015flenmesinden kaynaklanan emisyonlara kadar. Hayatta yapt\u0131\u011f\u0131m\u0131z her se\u00e7im, bu geni\u015f karbon ayak izi a\u011f\u0131nda bir iz b\u0131rak\u0131r.<\/p>\n<p>&nbsp;<\/p>\n<h2><span class=\"ez-toc-section\" id=\"Methods_and_tools_for_carbon_footprint_calculator\"><\/span>Karbon ayak izi hesaplama y\u00f6ntemleri ve ara\u00e7lar\u0131<span class=\"ez-toc-section-end\"><\/span><\/h2>\n<h3><span class=\"ez-toc-section\" id=\"Scientific_calculation_methods\"><\/span>Bilimsel hesaplama y\u00f6ntemleri<span class=\"ez-toc-section-end\"><\/span><\/h3>\n<p>Ya\u015fam d\u00f6ng\u00fcs\u00fc de\u011ferlendirmesi (LCA) karbon ayak izini hesaplamak i\u00e7in kullan\u0131lan yayg\u0131n bir bilimsel y\u00f6ntemdir. Bir \u00fcr\u00fcn veya hizmetin t\u00fcm ya\u015fam d\u00f6ng\u00fcs\u00fcn\u00fcn \u00e7evresel etkisini sistematik olarak analiz eder. Hammaddelerin \u00e7\u0131kar\u0131lmas\u0131, \u00fcretimi, nakliyesi, kullan\u0131m\u0131 ve bertaraf\u0131 a\u015famalar\u0131n\u0131 kapsar. Her a\u015famada enerji t\u00fcketimi, malzeme girdisi ve emisyonlar hakk\u0131nda veri toplayarak, belirli modeller ve algoritmalar kullanarak toplam karbon emisyonlar\u0131n\u0131 hesaplar. \u00d6rne\u011fin, bir otomobilin karbon ayak izini hesaplamak i\u00e7in cevherin \u00e7\u0131kar\u0131lmas\u0131ndan geri d\u00f6n\u00fc\u015f\u00fcm\u00fcne kadar olan emisyonlar\u0131 dikkate alman\u0131z gerekir.<\/p>\n<p>&nbsp;<\/p>\n<h3><span class=\"ez-toc-section\" id=\"Practical_calculation_tools\"><\/span>Pratik hesaplama ara\u00e7lar\u0131<span class=\"ez-toc-section-end\"><\/span><\/h3>\n<h4><span class=\"ez-toc-section\" id=\"World_Wide_Fund_for_Nature_WWF_Carbon_Footprint_Tool\"><\/span>D\u00fcnya Do\u011fay\u0131 Koruma Vakf\u0131 (WWF) Karbon Ayak \u0130zi Arac\u0131<span class=\"ez-toc-section-end\"><\/span><\/h4>\n<p>WWF, insanlar\u0131n karbon emisyonlar\u0131n\u0131 h\u0131zl\u0131 bir \u015fekilde tahmin etmelerine yard\u0131mc\u0131 olmak i\u00e7in halka y\u00f6nelik bir karbon arac\u0131 ba\u015flatt\u0131. Kullan\u0131c\u0131lar kendi karbon ayak izlerini anlamak i\u00e7in evdeki enerji t\u00fcketimi, seyahat, beslenme vb. gibi temel bilgileri girmektedir. Ayn\u0131 zamanda enerji tasarrufu sa\u011flayan cihazlar\u0131n de\u011fi\u015ftirilmesi, klima s\u0131cakl\u0131\u011f\u0131n\u0131n makul bir \u015fekilde ayarlanmas\u0131 gibi emisyon azaltma \u00f6nerileri de alabiliyor. Ve d\u00fc\u015f\u00fck karbonlu bir ya\u015fama kolayca ba\u015flamak i\u00e7in.<\/p>\n<p>&nbsp;<\/p>\n<h4><span class=\"ez-toc-section\" id=\"Carbon_Footprint_Calculator_for_Students\"><\/span>\u00d6\u011frenciler i\u00e7in Karbon Ayak \u0130zi Hesaplay\u0131c\u0131s\u0131<span class=\"ez-toc-section-end\"><\/span><\/h4>\n<p>\u00d6\u011frenciler i\u00e7in tasarlanm\u0131\u015ft\u0131r, kullan\u0131m\u0131 kolay ve e\u011flencelidir. Kamp\u00fcs\u00fc ve g\u00fcnl\u00fck aktiviteleri giri\u015f noktas\u0131 olarak alarak karbon ayak izini hesaplayabilir. Otob\u00fcs yolculuklar\u0131n\u0131n say\u0131s\u0131 ve mesafesi, k\u0131rtasiye kullan\u0131m\u0131, kantinde yemek yeme ve di\u011fer bilgiler gibi. B\u00f6ylece \u00f6\u011frenciler g\u00fcnl\u00fck davran\u0131\u015flar\u0131n\u0131n \u00e7evre \u00fczerindeki etkisini sezgisel olarak hissedebilir ve \u00e7evre bilincini geli\u015ftirebilirler.<\/p>\n<p>&nbsp;<\/p>\n<h2><span class=\"ez-toc-section\" id=\"Factors_affecting_Carbon_Footprints\"><\/span>Karbon Ayak \u0130zlerini Etkileyen Fakt\u00f6rler<span class=\"ez-toc-section-end\"><\/span><\/h2>\n<h3><span class=\"ez-toc-section\" id=\"Individual_level\"><\/span>Bireysel d\u00fczey<span class=\"ez-toc-section-end\"><\/span><\/h3>\n<p>Bireysel ya\u015fam tarz\u0131 ve t\u00fcketim al\u0131\u015fkanl\u0131klar\u0131 karbon ayak izini \u00f6nemli \u00f6l\u00e7\u00fcde etkiler. Y\u00fcksek enerji t\u00fcketimi ve y\u00fcksek u\u00e7ak yak\u0131t\u0131 emisyonlar\u0131 nedeniyle s\u0131k s\u0131k u\u00e7ak yolculu\u011fu yapmak karbon ayak izini b\u00fcy\u00fck \u00f6l\u00e7\u00fcde art\u0131racakt\u0131r. Nakliye karbon emisyonlar\u0131n\u0131 azaltmak i\u00e7in mevsiminde yerel g\u0131da sat\u0131n al\u0131n. Enerji tasarruflu cihazlar\u0131n g\u00fcnl\u00fck kullan\u0131m\u0131, \u0131\u015f\u0131klar\u0131n kapat\u0131lmas\u0131 ve su tasarrufu evdeki enerji t\u00fcketimini azaltabilir. Ve bu k\u00fc\u00e7\u00fck ad\u0131mlar ki\u015fisel karbon ayak izinizi azaltman\u0131za yard\u0131mc\u0131 olabilir.<\/p>\n<p><strong><b>\u00a0<\/b><\/strong><\/p>\n<h3><span class=\"ez-toc-section\" id=\"Enterprise_Level\"><\/span>Kurumsal Seviye<span class=\"ez-toc-section-end\"><\/span><\/h3>\n<p>Bir i\u015fletmenin karbon ayak izi \u00fcretim \u015fekli, enerji yap\u0131s\u0131 ve tedarik zinciri y\u00f6netiminden etkilenir. Y\u00fcksek enerjili ekipmanlara ve fosil enerjiye dayanan i\u015fletmeler daha fazla karbon emisyonuna sahiptir. Temiz enerji kullanan, s\u00fcre\u00e7leri optimize eden ve enerji verimlili\u011fini art\u0131ran i\u015fletmeler d\u00fc\u015f\u00fck karbon ayak izine sahiptir. Tedarik zincirinin k\u0131salt\u0131lmas\u0131 ve d\u00fc\u015f\u00fck karbonlu ta\u015f\u0131ma modlar\u0131n\u0131n se\u00e7ilmesi de i\u015fletme faaliyetlerinden kaynaklanan karbon emisyonlar\u0131n\u0131 etkili bir \u015fekilde azaltabilir.<\/p>\n<p><strong><b>\u00a0<\/b><\/strong><\/p>\n<h3><span class=\"ez-toc-section\" id=\"National_Level\"><\/span>Ulusal D\u00fczey<span class=\"ez-toc-section-end\"><\/span><\/h3>\n<p>Bir \u00fclkenin ekonomik yap\u0131s\u0131, enerji politikas\u0131 ve kalk\u0131nma a\u015famas\u0131, karbon ayak izi \u00fczerinde derin bir etkiye sahiptir. Sanayinin hakim oldu\u011fu \u00fclkelerde, end\u00fcstriyel enerji t\u00fcketimi ve emisyonlar b\u00fcy\u00fckt\u00fcr ve karbon ayak izi genellikle b\u00fcy\u00fckt\u00fcr. Hizmet sekt\u00f6r\u00fc ve y\u00fcksek teknoloji end\u00fcstrileri ise \u00e7o\u011funlukla daha k\u00fc\u00e7\u00fckt\u00fcr. Yenilenebilir enerjinin aktif olarak geli\u015ftirilmesi ve s\u0131k\u0131 karbon emisyon politikalar\u0131n\u0131n uygulanmas\u0131 karbon ayak izini etkili bir \u015fekilde kontrol edebilir. Danimarka'n\u0131n r\u00fczgar enerjisini g\u00fc\u00e7l\u00fc bir \u015fekilde geli\u015ftirmesi ve kayda de\u011fer sonu\u00e7lar elde etmesi gibi.<\/p>\n<p>&nbsp;<\/p>\n<h2><span class=\"ez-toc-section\" id=\"Harm_of_high_carbon_footprint\"><\/span>Y\u00fcksek karbon ayak izinin zararlar\u0131<span class=\"ez-toc-section-end\"><\/span><\/h2>\n<h3><span class=\"ez-toc-section\" id=\"Climate_change\"><\/span>\u0130klim de\u011fi\u015fikli\u011fi<span class=\"ez-toc-section-end\"><\/span><\/h3>\n<p>Y\u00fcksek karbon ayak izi, a\u015fa\u011f\u0131daki gibi sera gazlar\u0131n\u0131n konsantrasyonunda do\u011frudan bir art\u0131\u015fa yol a\u00e7ar <a href=\"https:\/\/en.wikipedia.org\/wiki\/Carbon_dioxide\" target=\"_blank\" rel=\"noopener\">karbondioksit<\/a> k\u00fcresel \u0131s\u0131nmay\u0131 tetikleyecektir. Bu da buzullar\u0131n erimesi ve deniz seviyesinin y\u00fckselmesi gibi zincirleme bir reaksiyona yol a\u00e7acakt\u0131r. Bu da k\u0131y\u0131 b\u00f6lgelerindeki y\u00fcz milyonlarca insan\u0131n ge\u00e7im kaynaklar\u0131n\u0131 ve evlerini tehdit edecektir. \u015eiddetli ya\u011fmurlar, kurakl\u0131klar ve kas\u0131rgalar gibi a\u015f\u0131r\u0131 hava olaylar\u0131 s\u0131k s\u0131k meydana gelecek ve tar\u0131msal \u00fcretimi sekteye u\u011fratacakt\u0131r. Ard\u0131ndan su kaynaklar\u0131n\u0131n da\u011f\u0131l\u0131m\u0131n\u0131 etkileyerek g\u0131da \u00fcretiminin azalmas\u0131na ve ekosistemlerin dengesizle\u015fmesine neden olacakt\u0131r.<\/p>\n<p>&nbsp;<\/p>\n<h3><span class=\"ez-toc-section\" id=\"Ecosystem_destruction\"><\/span>Ekosistem tahribat\u0131<span class=\"ez-toc-section-end\"><\/span><\/h3>\n<p>\u0130klim de\u011fi\u015fikli\u011finin neden oldu\u011fu s\u0131cakl\u0131k ve ya\u011f\u0131\u015f de\u011fi\u015fiklikleri ekosistemin orijinal dengesini bozmu\u015ftur. Bir\u00e7ok bitki ve hayvan t\u00fcr\u00fc h\u0131zla de\u011fi\u015fen \u00e7evreye uyum sa\u011flayamamaktad\u0131r. Biyo\u00e7e\u015fitlili\u011fin ciddi tehdit alt\u0131nda oldu\u011fu bu t\u00fcrler varolu\u015fsal bir krizle kar\u015f\u0131 kar\u015f\u0131yad\u0131r. \u00d6rne\u011fin, mercan resifleri deniz s\u0131cakl\u0131\u011f\u0131na kar\u015f\u0131 son derece hassast\u0131r. Deniz s\u0131cakl\u0131\u011f\u0131n\u0131n artmas\u0131 mercanlar\u0131n a\u011farmas\u0131na ve \u00e7ok say\u0131da mercan resifinin \u00f6lmesine yol a\u00e7\u0131yor. Bu da deniz ya\u015fam\u0131n\u0131n habitat\u0131n\u0131 yok etmekte ve t\u00fcm deniz ekosisteminin istikrar\u0131n\u0131 etkilemektedir.<\/p>\n<p>&nbsp;<\/p>\n<h2><span class=\"ez-toc-section\" id=\"Ways_to_reduce_Carbon_footprint\"><\/span>Karbon ayak izini azaltman\u0131n yollar\u0131<span class=\"ez-toc-section-end\"><\/span><\/h2>\n<h3><span class=\"ez-toc-section\" id=\"Individual_action\"><\/span>Bireysel eylem<span class=\"ez-toc-section-end\"><\/span><\/h3>\n<p>Bireyler azaltabilir <a href=\"https:\/\/jinsuncarbon.com\/tr\/karbonun-kullanim-alanlari\/\">karbon<\/a> bir\u00e7ok y\u00f6nden. Seyahat \u00f6nceli\u011fi y\u00fcr\u00fcmek, binmek veya otob\u00fcse binmek, daha az \u00f6zel ara\u00e7. Diyet, daha fazla vejetaryen daha az et, \u00f6zellikle s\u0131\u011f\u0131r eti al\u0131m\u0131n\u0131 kontrol edin, \u00e7\u00fcnk\u00fc hayvanc\u0131l\u0131k \u00e7ok fazla sera gaz\u0131 emisyonuna neden olmaktad\u0131r. T\u00fcketim yaparken enerji tasarruflu ev aletlerini, yerel \u00e7evre dostu \u00fcr\u00fcnleri tercih edin ve a\u015f\u0131r\u0131 ambalaj\u0131 reddedin. Her g\u00fcn enerji tasarrufu al\u0131\u015fkanl\u0131klar\u0131 geli\u015ftirin, \u0131\u015f\u0131klar\u0131 kapat\u0131n, karbonu azaltmaya yard\u0131mc\u0131 olmak i\u00e7in suyu birden fazla ama\u00e7 i\u00e7in kullan\u0131n.<\/p>\n<p>&nbsp;<\/p>\n<h3><span class=\"ez-toc-section\" id=\"Corporate_strategy\"><\/span>Kurumsal strateji<span class=\"ez-toc-section-end\"><\/span><\/h3>\n<p>\u0130\u015fletmeler karbon azalt\u0131m\u0131n\u0131 stratejilerine dahil etmelidir. \u00dcretimde fosil enerjiyi g\u00fcne\u015f ve r\u00fczgar enerjisi gibi temiz enerjiyle de\u011fi\u015ftirin. Enerji tasarrufu ve emisyon azaltma teknolojilerinin ara\u015ft\u0131rma ve geli\u015ftirmesine yat\u0131r\u0131m yapmal\u0131 ve enerji verimlili\u011fini art\u0131rmak i\u00e7in s\u00fcre\u00e7leri optimize etmelidir. Tedarik zinciri y\u00f6netimini g\u00fc\u00e7lendirin, d\u00fc\u015f\u00fck karbonlu tedarik\u00e7ilerle i\u015fbirli\u011fi yap\u0131n ve t\u00fcm zincirin ye\u015fil d\u00f6n\u00fc\u015f\u00fcm\u00fcn\u00fc sa\u011flay\u0131n. \u00d6rne\u011fin, g\u00fc\u00e7 sa\u011flamak i\u00e7in enerji tasarrufu sa\u011flayan ekipman ve yenilenebilir enerji kullanarak operasyonlar\u0131n karbon ayak izini etkili bir \u015fekilde azalt\u0131n.<\/p>\n<p>&nbsp;<\/p>\n<h3><span class=\"ez-toc-section\" id=\"Policy_and_social_dimension\"><\/span>Politika ve sosyal boyut<span class=\"ez-toc-section-end\"><\/span><\/h3>\n<p>H\u00fck\u00fcmetin karbon emisyonu politikalar\u0131n\u0131 ve d\u00fczenlemelerini iyile\u015ftirmesi gerekmektedir. Karbon vergisi ve karbon emisyon ticareti gibi ekonomik yollarla emisyon azalt\u0131m\u0131na rehberlik etmelidir. Yenilenebilir enerji sekt\u00f6r\u00fcn\u00fc g\u00fc\u00e7l\u00fc bir \u015fekilde desteklemeli ve enerji kar\u0131\u015f\u0131m\u0131n\u0131 optimize etmelidir. Toplu ta\u015f\u0131ma altyap\u0131s\u0131n\u0131 g\u00fc\u00e7lendirmek ve ye\u015fil seyahati savunmak. \u00c7evresel tan\u0131t\u0131m ve e\u011fitim \u00e7al\u0131\u015fmalar\u0131 y\u00fcr\u00fctmek, kamu bilincini ve \u00e7evrenin korunmas\u0131na kat\u0131l\u0131m\u0131 art\u0131rmak. Ve t\u00fcm insanlar\u0131n emisyon azalt\u0131m\u0131na kat\u0131lmas\u0131 i\u00e7in iyi bir atmosfer yarat\u0131n.<\/p>\n<p>&nbsp;<\/p>\n<h2><span class=\"ez-toc-section\" id=\"Current_situation_and_cases_of_carbon_footprint\"><\/span>Mevcut durum ve karbon ayak izi vakalar\u0131<span class=\"ez-toc-section-end\"><\/span><\/h2>\n<p>Toplam k\u00fcresel karbon ayak izi b\u00fcy\u00fcmeye devam ediyor. Bir\u00e7ok \u00fclke aktif olarak emisyonlar\u0131 azaltmas\u0131na ra\u011fmen, n\u00fcfus art\u0131\u015f\u0131 ve ekonomik kalk\u0131nma ihtiya\u00e7lar\u0131 nedeniyle durum hala ciddiyetini korumaktad\u0131r. Enerji sekt\u00f6r\u00fc emisyonlar\u0131n b\u00fcy\u00fck bir b\u00f6l\u00fcm\u00fcn\u00fc olu\u015fturmaktad\u0131r ve enerji, \u0131s\u0131tma ve ula\u015f\u0131m end\u00fcstrileri bunun ba\u015fl\u0131ca nedenleridir. Baz\u0131 geli\u015fmi\u015f \u00fclkeler enerji d\u00f6n\u00fc\u015f\u00fcm\u00fc ve end\u00fcstriyel iyile\u015ftirme yoluyla emisyonlar\u0131 azaltm\u0131\u015ft\u0131r. Geli\u015fmekte olan \u00fclkeler de ye\u015fil kalk\u0131nmay\u0131 h\u0131zland\u0131rmakta ve karbon ayak izinin b\u00fcy\u00fcmesini kontrol alt\u0131na almaktad\u0131r.<\/p>\n<h2><\/h2>\n<h2><span class=\"ez-toc-section\" id=\"Conclusion\"><\/span><b><\/b><b><\/b>Sonu\u00e7<span class=\"ez-toc-section-end\"><\/span><\/h2>\n<p>Karbon ayak izi, insan faaliyetlerinin iklim de\u011fi\u015fikli\u011fi \u00fczerindeki etkisini \u00f6l\u00e7er ve y\u00fcksek karbon ayak izi ciddi bir sorundur. Bireylerin, i\u015fletmelerin ve h\u00fck\u00fcmetlerin d\u00fc\u015f\u00fck karbonlu ya\u015fam\u0131 uygulamak, ye\u015fil kalk\u0131nmay\u0131 te\u015fvik etmek ve politikalar olu\u015fturmak i\u00e7in birlikte \u00e7al\u0131\u015fmas\u0131 gerekir. \u0130nsan ve do\u011fa aras\u0131nda uyumlu bir birliktelik sa\u011flamak.<\/p>","protected":false},"excerpt":{"rendered":"<p>In the context of global response to climate change, &#8220;carbon footprint&#8221; has become a key indicator to measure the impact of human activities on the environment. It is closely related to life and production. And it is an important link to guide all parties to participate in environmental protection actions. &nbsp; What is carbon footprint? [&hellip;]<\/p>\n","protected":false},"author":3,"featured_media":7756,"comment_status":"open","ping_status":"open","sticky":false,"template":"","format":"standard","meta":{"footnotes":""},"categories":[1],"tags":[],"class_list":["post-7747","post","type-post","status-publish","format-standard","has-post-thumbnail","hentry","category-carbon-graphite"],"yoast_head":"<!-- This site is optimized with the Yoast SEO Premium plugin v19.2.1 (Yoast SEO v25.3) - https:\/\/yoast.com\/wordpress\/plugins\/seo\/ -->\n<title>What Is Carbon Footprint? | Jinsun Carbon<\/title>\n<meta name=\"description\" content=\"Carbon footprint is the greenhouse gas emissions produced by an individual, organization, product or activity over its entire life cycle, usually expressed as carbon dioxide equivalent.\" \/>\n<meta name=\"robots\" content=\"index, follow, max-snippet:-1, max-image-preview:large, max-video-preview:-1\" \/>\n<link rel=\"canonical\" href=\"https:\/\/jinsuncarbon.com\/tr\/karbon-ayak-i\u0307zi\u0307-nedi\u0307r\/\" \/>\n<meta property=\"og:locale\" content=\"tr_TR\" \/>\n<meta property=\"og:type\" content=\"article\" \/>\n<meta property=\"og:title\" content=\"What Is Carbon Footprint\uff1f\" \/>\n<meta property=\"og:description\" content=\"Carbon footprint is the greenhouse gas emissions produced by an individual, organization, product or activity over its entire life cycle, usually expressed as carbon dioxide equivalent.\" \/>\n<meta property=\"og:url\" content=\"https:\/\/jinsuncarbon.com\/tr\/karbon-ayak-i\u0307zi\u0307-nedi\u0307r\/\" \/>\n<meta property=\"og:site_name\" content=\"Jinsun Carbon\" \/>\n<meta property=\"article:publisher\" content=\"https:\/\/www.facebook.com\/Graphite-Electrode-109336238661595\" \/>\n<meta property=\"article:published_time\" content=\"2025-03-12T06:36:33+00:00\" \/>\n<meta property=\"article:modified_time\" content=\"2025-03-12T06:39:07+00:00\" \/>\n<meta property=\"og:image\" content=\"https:\/\/jinsuncarbon.com\/wp-content\/uploads\/2025\/03\/Carbon-footprint.jpg\" \/>\n\t<meta property=\"og:image:width\" content=\"1024\" \/>\n\t<meta property=\"og:image:height\" content=\"680\" \/>\n\t<meta property=\"og:image:type\" content=\"image\/jpeg\" \/>\n<meta name=\"author\" content=\"jinsuncarbon\" \/>\n<meta name=\"twitter:card\" content=\"summary_large_image\" \/>\n<meta name=\"twitter:creator\" content=\"@jinsuncarbon_\" \/>\n<meta name=\"twitter:site\" content=\"@jinsuncarbon_\" \/>\n<meta name=\"twitter:label1\" content=\"Yazan:\" \/>\n\t<meta name=\"twitter:data1\" content=\"jinsuncarbon\" \/>\n\t<meta name=\"twitter:label2\" content=\"Tahmini okuma s\u00fcresi\" \/>\n\t<meta name=\"twitter:data2\" content=\"6 dakika\" \/>\n<script type=\"application\/ld+json\" class=\"yoast-schema-graph\">{\"@context\":\"https:\/\/schema.org\",\"@graph\":[{\"@type\":\"Article\",\"@id\":\"https:\/\/jinsuncarbon.com\/what-is-carbon-footprint\/#article\",\"isPartOf\":{\"@id\":\"https:\/\/jinsuncarbon.com\/what-is-carbon-footprint\/\"},\"author\":{\"name\":\"jinsuncarbon\",\"@id\":\"https:\/\/jinsuncarbon.com\/#\/schema\/person\/6d19b66d2a95154652ba3b86492d27b5\"},\"headline\":\"What Is Carbon Footprint\uff1f\",\"datePublished\":\"2025-03-12T06:36:33+00:00\",\"dateModified\":\"2025-03-12T06:39:07+00:00\",\"mainEntityOfPage\":{\"@id\":\"https:\/\/jinsuncarbon.com\/what-is-carbon-footprint\/\"},\"wordCount\":1228,\"commentCount\":0,\"publisher\":{\"@id\":\"https:\/\/jinsuncarbon.com\/#organization\"},\"image\":{\"@id\":\"https:\/\/jinsuncarbon.com\/what-is-carbon-footprint\/#primaryimage\"},\"thumbnailUrl\":\"https:\/\/jinsuncarbon.com\/wp-content\/uploads\/2025\/03\/Carbon-footprint.jpg\",\"articleSection\":[\"Carbon Graphite Products\"],\"inLanguage\":\"tr\",\"potentialAction\":[{\"@type\":\"CommentAction\",\"name\":\"Comment\",\"target\":[\"https:\/\/jinsuncarbon.com\/what-is-carbon-footprint\/#respond\"]}]},{\"@type\":\"WebPage\",\"@id\":\"https:\/\/jinsuncarbon.com\/what-is-carbon-footprint\/\",\"url\":\"https:\/\/jinsuncarbon.com\/what-is-carbon-footprint\/\",\"name\":\"What Is Carbon Footprint? | Jinsun Carbon\",\"isPartOf\":{\"@id\":\"https:\/\/jinsuncarbon.com\/#website\"},\"primaryImageOfPage\":{\"@id\":\"https:\/\/jinsuncarbon.com\/what-is-carbon-footprint\/#primaryimage\"},\"image\":{\"@id\":\"https:\/\/jinsuncarbon.com\/what-is-carbon-footprint\/#primaryimage\"},\"thumbnailUrl\":\"https:\/\/jinsuncarbon.com\/wp-content\/uploads\/2025\/03\/Carbon-footprint.jpg\",\"datePublished\":\"2025-03-12T06:36:33+00:00\",\"dateModified\":\"2025-03-12T06:39:07+00:00\",\"description\":\"Carbon footprint is the greenhouse gas emissions produced by an individual, organization, product or activity over its entire life cycle, usually expressed as carbon dioxide equivalent.\",\"breadcrumb\":{\"@id\":\"https:\/\/jinsuncarbon.com\/what-is-carbon-footprint\/#breadcrumb\"},\"inLanguage\":\"tr\",\"potentialAction\":[{\"@type\":\"ReadAction\",\"target\":[\"https:\/\/jinsuncarbon.com\/what-is-carbon-footprint\/\"]}]},{\"@type\":\"ImageObject\",\"inLanguage\":\"tr\",\"@id\":\"https:\/\/jinsuncarbon.com\/what-is-carbon-footprint\/#primaryimage\",\"url\":\"https:\/\/jinsuncarbon.com\/wp-content\/uploads\/2025\/03\/Carbon-footprint.jpg\",\"contentUrl\":\"https:\/\/jinsuncarbon.com\/wp-content\/uploads\/2025\/03\/Carbon-footprint.jpg\",\"width\":1024,\"height\":680,\"caption\":\"Carbon footprint\"},{\"@type\":\"BreadcrumbList\",\"@id\":\"https:\/\/jinsuncarbon.com\/what-is-carbon-footprint\/#breadcrumb\",\"itemListElement\":[{\"@type\":\"ListItem\",\"position\":1,\"name\":\"Home\",\"item\":\"https:\/\/jinsuncarbon.com\/\"},{\"@type\":\"ListItem\",\"position\":2,\"name\":\"What Is Carbon Footprint\uff1f\"}]},{\"@type\":\"WebSite\",\"@id\":\"https:\/\/jinsuncarbon.com\/#website\",\"url\":\"https:\/\/jinsuncarbon.com\/\",\"name\":\"Jinsun Carbon\",\"description\":\"We are the successful graphite electrode manufacturer in China\",\"publisher\":{\"@id\":\"https:\/\/jinsuncarbon.com\/#organization\"},\"potentialAction\":[{\"@type\":\"SearchAction\",\"target\":{\"@type\":\"EntryPoint\",\"urlTemplate\":\"https:\/\/jinsuncarbon.com\/?s={search_term_string}\"},\"query-input\":{\"@type\":\"PropertyValueSpecification\",\"valueRequired\":true,\"valueName\":\"search_term_string\"}}],\"inLanguage\":\"tr\"},{\"@type\":\"Organization\",\"@id\":\"https:\/\/jinsuncarbon.com\/#organization\",\"name\":\"Jinsun Carbon\",\"alternateName\":\"Jinsun Carbon\",\"url\":\"https:\/\/jinsuncarbon.com\/\",\"logo\":{\"@type\":\"ImageObject\",\"inLanguage\":\"tr\",\"@id\":\"https:\/\/jinsuncarbon.com\/#\/schema\/logo\/image\/\",\"url\":\"https:\/\/jinsuncarbon.com\/wp-content\/uploads\/2022\/12\/LOGO-1.png\",\"contentUrl\":\"https:\/\/jinsuncarbon.com\/wp-content\/uploads\/2022\/12\/LOGO-1.png\",\"width\":207,\"height\":80,\"caption\":\"Jinsun Carbon\"},\"image\":{\"@id\":\"https:\/\/jinsuncarbon.com\/#\/schema\/logo\/image\/\"},\"sameAs\":[\"https:\/\/www.facebook.com\/Graphite-Electrode-109336238661595\",\"https:\/\/x.com\/jinsuncarbon_\",\"https:\/\/www.linkedin.com\/in\/jinsungraphite\",\"https:\/\/www.youtube.com\/channel\/UCysDNyvyR5-3cCWEmpkVC0g\"]},{\"@type\":\"Person\",\"@id\":\"https:\/\/jinsuncarbon.com\/#\/schema\/person\/6d19b66d2a95154652ba3b86492d27b5\",\"name\":\"jinsuncarbon\",\"image\":{\"@type\":\"ImageObject\",\"inLanguage\":\"tr\",\"@id\":\"https:\/\/jinsuncarbon.com\/#\/schema\/person\/image\/\",\"url\":\"https:\/\/secure.gravatar.com\/avatar\/7abf5819913301446abda76750263066aa3a1d311fa4df65b39e847239480105?s=96&d=mm&r=g\",\"contentUrl\":\"https:\/\/secure.gravatar.com\/avatar\/7abf5819913301446abda76750263066aa3a1d311fa4df65b39e847239480105?s=96&d=mm&r=g\",\"caption\":\"jinsuncarbon\"}}]}<\/script>\n<!-- \/ Yoast SEO Premium plugin. -->","yoast_head_json":{"title":"Karbon Ayak \u0130zi Nedir? | Jinsun Carbon","description":"Karbon ayak izi, bir birey, kurulu\u015f, \u00fcr\u00fcn veya faaliyet taraf\u0131ndan t\u00fcm ya\u015fam d\u00f6ng\u00fcs\u00fc boyunca \u00fcretilen ve genellikle karbondioksit e\u015fde\u011feri olarak ifade edilen sera gaz\u0131 emisyonlar\u0131d\u0131r.","robots":{"index":"index","follow":"follow","max-snippet":"max-snippet:-1","max-image-preview":"max-image-preview:large","max-video-preview":"max-video-preview:-1"},"canonical":"https:\/\/jinsuncarbon.com\/tr\/karbon-ayak-i\u0307zi\u0307-nedi\u0307r\/","og_locale":"tr_TR","og_type":"article","og_title":"What Is Carbon Footprint\uff1f","og_description":"Carbon footprint is the greenhouse gas emissions produced by an individual, organization, product or activity over its entire life cycle, usually expressed as carbon dioxide equivalent.","og_url":"https:\/\/jinsuncarbon.com\/tr\/karbon-ayak-i\u0307zi\u0307-nedi\u0307r\/","og_site_name":"Jinsun Carbon","article_publisher":"https:\/\/www.facebook.com\/Graphite-Electrode-109336238661595","article_published_time":"2025-03-12T06:36:33+00:00","article_modified_time":"2025-03-12T06:39:07+00:00","og_image":[{"width":1024,"height":680,"url":"https:\/\/jinsuncarbon.com\/wp-content\/uploads\/2025\/03\/Carbon-footprint.jpg","type":"image\/jpeg"}],"author":"jinsuncarbon","twitter_card":"summary_large_image","twitter_creator":"@jinsuncarbon_","twitter_site":"@jinsuncarbon_","twitter_misc":{"Yazan:":"jinsuncarbon","Tahmini okuma s\u00fcresi":"6 dakika"},"schema":{"@context":"https:\/\/schema.org","@graph":[{"@type":"Article","@id":"https:\/\/jinsuncarbon.com\/what-is-carbon-footprint\/#article","isPartOf":{"@id":"https:\/\/jinsuncarbon.com\/what-is-carbon-footprint\/"},"author":{"name":"jinsuncarbon","@id":"https:\/\/jinsuncarbon.com\/#\/schema\/person\/6d19b66d2a95154652ba3b86492d27b5"},"headline":"What Is Carbon Footprint\uff1f","datePublished":"2025-03-12T06:36:33+00:00","dateModified":"2025-03-12T06:39:07+00:00","mainEntityOfPage":{"@id":"https:\/\/jinsuncarbon.com\/what-is-carbon-footprint\/"},"wordCount":1228,"commentCount":0,"publisher":{"@id":"https:\/\/jinsuncarbon.com\/#organization"},"image":{"@id":"https:\/\/jinsuncarbon.com\/what-is-carbon-footprint\/#primaryimage"},"thumbnailUrl":"https:\/\/jinsuncarbon.com\/wp-content\/uploads\/2025\/03\/Carbon-footprint.jpg","articleSection":["Carbon Graphite Products"],"inLanguage":"tr","potentialAction":[{"@type":"CommentAction","name":"Comment","target":["https:\/\/jinsuncarbon.com\/what-is-carbon-footprint\/#respond"]}]},{"@type":"WebPage","@id":"https:\/\/jinsuncarbon.com\/what-is-carbon-footprint\/","url":"https:\/\/jinsuncarbon.com\/what-is-carbon-footprint\/","name":"Karbon Ayak \u0130zi Nedir? | Jinsun Carbon","isPartOf":{"@id":"https:\/\/jinsuncarbon.com\/#website"},"primaryImageOfPage":{"@id":"https:\/\/jinsuncarbon.com\/what-is-carbon-footprint\/#primaryimage"},"image":{"@id":"https:\/\/jinsuncarbon.com\/what-is-carbon-footprint\/#primaryimage"},"thumbnailUrl":"https:\/\/jinsuncarbon.com\/wp-content\/uploads\/2025\/03\/Carbon-footprint.jpg","datePublished":"2025-03-12T06:36:33+00:00","dateModified":"2025-03-12T06:39:07+00:00","description":"Karbon ayak izi, bir birey, kurulu\u015f, \u00fcr\u00fcn veya faaliyet taraf\u0131ndan t\u00fcm ya\u015fam d\u00f6ng\u00fcs\u00fc boyunca \u00fcretilen ve genellikle karbondioksit e\u015fde\u011feri olarak ifade edilen sera gaz\u0131 emisyonlar\u0131d\u0131r.","breadcrumb":{"@id":"https:\/\/jinsuncarbon.com\/what-is-carbon-footprint\/#breadcrumb"},"inLanguage":"tr","potentialAction":[{"@type":"ReadAction","target":["https:\/\/jinsuncarbon.com\/what-is-carbon-footprint\/"]}]},{"@type":"ImageObject","inLanguage":"tr","@id":"https:\/\/jinsuncarbon.com\/what-is-carbon-footprint\/#primaryimage","url":"https:\/\/jinsuncarbon.com\/wp-content\/uploads\/2025\/03\/Carbon-footprint.jpg","contentUrl":"https:\/\/jinsuncarbon.com\/wp-content\/uploads\/2025\/03\/Carbon-footprint.jpg","width":1024,"height":680,"caption":"Carbon footprint"},{"@type":"BreadcrumbList","@id":"https:\/\/jinsuncarbon.com\/what-is-carbon-footprint\/#breadcrumb","itemListElement":[{"@type":"ListItem","position":1,"name":"Home","item":"https:\/\/jinsuncarbon.com\/"},{"@type":"ListItem","position":2,"name":"What Is Carbon Footprint\uff1f"}]},{"@type":"WebSite","@id":"https:\/\/jinsuncarbon.com\/#website","url":"https:\/\/jinsuncarbon.com\/","name":"Jinsun Karbon","description":"\u00c7in'deki ba\u015far\u0131l\u0131 grafit elektrot \u00fcreticisiyiz","publisher":{"@id":"https:\/\/jinsuncarbon.com\/#organization"},"potentialAction":[{"@type":"SearchAction","target":{"@type":"EntryPoint","urlTemplate":"https:\/\/jinsuncarbon.com\/?s={search_term_string}"},"query-input":{"@type":"PropertyValueSpecification","valueRequired":true,"valueName":"search_term_string"}}],"inLanguage":"tr"},{"@type":"Organization","@id":"https:\/\/jinsuncarbon.com\/#organization","name":"Jinsun Karbon","alternateName":"Jinsun Carbon","url":"https:\/\/jinsuncarbon.com\/","logo":{"@type":"ImageObject","inLanguage":"tr","@id":"https:\/\/jinsuncarbon.com\/#\/schema\/logo\/image\/","url":"https:\/\/jinsuncarbon.com\/wp-content\/uploads\/2022\/12\/LOGO-1.png","contentUrl":"https:\/\/jinsuncarbon.com\/wp-content\/uploads\/2022\/12\/LOGO-1.png","width":207,"height":80,"caption":"Jinsun Carbon"},"image":{"@id":"https:\/\/jinsuncarbon.com\/#\/schema\/logo\/image\/"},"sameAs":["https:\/\/www.facebook.com\/Graphite-Electrode-109336238661595","https:\/\/x.com\/jinsuncarbon_","https:\/\/www.linkedin.com\/in\/jinsungraphite","https:\/\/www.youtube.com\/channel\/UCysDNyvyR5-3cCWEmpkVC0g"]},{"@type":"Person","@id":"https:\/\/jinsuncarbon.com\/#\/schema\/person\/6d19b66d2a95154652ba3b86492d27b5","name":"jinsuncarbon","image":{"@type":"ImageObject","inLanguage":"tr","@id":"https:\/\/jinsuncarbon.com\/#\/schema\/person\/image\/","url":"https:\/\/secure.gravatar.com\/avatar\/7abf5819913301446abda76750263066aa3a1d311fa4df65b39e847239480105?s=96&d=mm&r=g","contentUrl":"https:\/\/secure.gravatar.com\/avatar\/7abf5819913301446abda76750263066aa3a1d311fa4df65b39e847239480105?s=96&d=mm&r=g","caption":"jinsuncarbon"}}]}},"_links":{"self":[{"href":"https:\/\/jinsuncarbon.com\/tr\/wp-json\/wp\/v2\/posts\/7747","targetHints":{"allow":["GET"]}}],"collection":[{"href":"https:\/\/jinsuncarbon.com\/tr\/wp-json\/wp\/v2\/posts"}],"about":[{"href":"https:\/\/jinsuncarbon.com\/tr\/wp-json\/wp\/v2\/types\/post"}],"author":[{"embeddable":true,"href":"https:\/\/jinsuncarbon.com\/tr\/wp-json\/wp\/v2\/users\/3"}],"replies":[{"embeddable":true,"href":"https:\/\/jinsuncarbon.com\/tr\/wp-json\/wp\/v2\/comments?post=7747"}],"version-history":[{"count":4,"href":"https:\/\/jinsuncarbon.com\/tr\/wp-json\/wp\/v2\/posts\/7747\/revisions"}],"predecessor-version":[{"id":7759,"href":"https:\/\/jinsuncarbon.com\/tr\/wp-json\/wp\/v2\/posts\/7747\/revisions\/7759"}],"wp:featuredmedia":[{"embeddable":true,"href":"https:\/\/jinsuncarbon.com\/tr\/wp-json\/wp\/v2\/media\/7756"}],"wp:attachment":[{"href":"https:\/\/jinsuncarbon.com\/tr\/wp-json\/wp\/v2\/media?parent=7747"}],"wp:term":[{"taxonomy":"category","embeddable":true,"href":"https:\/\/jinsuncarbon.com\/tr\/wp-json\/wp\/v2\/categories?post=7747"},{"taxonomy":"post_tag","embeddable":true,"href":"https:\/\/jinsuncarbon.com\/tr\/wp-json\/wp\/v2\/tags?post=7747"}],"curies":[{"name":"wp","href":"https:\/\/api.w.org\/{rel}","templated":true}]}}